{"id":1209,"date":"2016-08-26T08:23:30","date_gmt":"2016-08-26T05:23:30","guid":{"rendered":"https:\/\/ambhelsinki.esteri.it\/news\/dall_ambasciata\/2016\/08\/consegna-onorificenze-dell-ordine-2\/"},"modified":"2016-08-26T08:23:30","modified_gmt":"2016-08-26T05:23:30","slug":"consegna-onorificenze-dell-ordine-2","status":"publish","type":"post","link":"https:\/\/ambhelsinki.esteri.it\/fi\/news\/dall_ambasciata\/2016\/08\/consegna-onorificenze-dell-ordine-2\/","title":{"rendered":"ITALIAN PRESIDENTTI MY\u00d6NT\u00c4\u00c4 PETRI TUOMI-NIKULALLE JA DIANA E. KALEYLLE  ITALIAN T\u00c4HDEN RITARIKUNNAN KUNNIAMERKIT"},"content":{"rendered":"<p>Italian suurl\u00e4hettil\u00e4\u00e4n virka-asunnolla j\u00e4rjestet\u00e4\u00e4n maanantaina 29.8. juhlaseremonia, jossa annetaan kaksi Italian presidentin my\u00f6nt\u00e4m\u00e4\u00e4 kunniamerkki\u00e4. Italian suurl\u00e4hettil\u00e4s Gabriele Altana ojentaa seremoniassa suurl\u00e4hettil\u00e4s Petri Tuomi-Nikulalle \u201dGrande Ufficiale\u201d-kunniamerkin ja kulttuurivaikuttajana tunnetulle FM Diana E. Kaleylle \u201dCavaliere\u201d -kunniamerkin.<\/p>\n<p>Molemmat Italian t\u00e4hden ritarikunnan kunniamerkit my\u00f6nt\u00e4\u00e4 Italian tasavallan presidentti ulkoministerin ehdotuksesta. Kunnimerkkej\u00e4 my\u00f6nnet\u00e4\u00e4n Italian ja Suomen kahdenv\u00e4lisi\u00e4 suhteita merkitt\u00e4v\u00e4sti edist\u00e4neille henkil\u00f6ille.<\/p>\n<p>Petri Tuomi-Nikula on toiminut Suomen suurl\u00e4hettil\u00e4\u00e4n\u00e4 Roomassa yli viisi vuotta, mink\u00e4 aikana h\u00e4n on onnistunut vahvistamaan entisest\u00e4\u00e4n erinomaisia Italian ja Suomen v\u00e4lisi\u00e4 poliittisia ja taloudellisia suhteita.<\/p>\n<p>Diana Kaley tunnetaan Italian kulttuuriperinn\u00f6n intohimoisena suojelijana. H\u00e4n on ty\u00f6skennellyt mm. Venetsiassa ja Sisiliassa arvokkaiden restaurointit\u00f6iden parissa ja saanut ty\u00f6st\u00e4\u00e4n useita tunnustuksia italialaisilta tahoilta.<\/p>\n","protected":false},"excerpt":{"rendered":"Italian suurl\u00e4hettil\u00e4\u00e4n virka-asunnolla j\u00e4rjestet\u00e4\u00e4n maanantaina 29.8. juhlaseremonia, jossa annetaan kaksi Italian presidentin my\u00f6nt\u00e4m\u00e4\u00e4 kunniamerkki\u00e4. Italian suurl\u00e4hettil\u00e4s Gabriele Altana ojentaa seremoniassa suurl\u00e4hettil\u00e4s Petri Tuomi-Nikulalle \u201dGrande Ufficiale\u201d-kunniamerkin ja kulttuurivaikuttajana tunnetulle FM Diana E. Kaleylle \u201dCavaliere\u201d -kunniamerkin. Molemmat Italian t\u00e4hden ritarikunnan kunniamerkit my\u00f6nt\u00e4\u00e4 Italian tasavallan presidentti ulkoministerin ehdotuksesta. Kunnimerkkej\u00e4 my\u00f6nnet\u00e4\u00e4n Italian ja Suomen kahdenv\u00e4lisi\u00e4 suhteita merkitt\u00e4v\u00e4sti edist\u00e4neille henkil\u00f6ille. [&hellip;]","protected":false},"author":1,"featured_media":0,"comment_status":"","ping_status":"","sticky":false,"template":"","format":"standard","meta":{"footnotes":""},"tags":[],"class_list":["post-1209","post","type-post","status-publish","format-standard","hentry"],"_links":{"self":[{"href":"https:\/\/ambhelsinki.esteri.it\/fi\/wp-json\/wp\/v2\/posts\/1209","targetHints":{"allow":["GET"]}}],"collection":[{"href":"https:\/\/ambhelsinki.esteri.it\/fi\/wp-json\/wp\/v2\/posts"}],"about":[{"href":"https:\/\/ambhelsinki.esteri.it\/fi\/wp-json\/wp\/v2\/types\/post"}],"author":[{"embeddable":true,"href":"https:\/\/ambhelsinki.esteri.it\/fi\/wp-json\/wp\/v2\/users\/1"}],"replies":[{"embeddable":true,"href":"https:\/\/ambhelsinki.esteri.it\/fi\/wp-json\/wp\/v2\/comments?post=1209"}],"version-history":[{"count":0,"href":"https:\/\/ambhelsinki.esteri.it\/fi\/wp-json\/wp\/v2\/posts\/1209\/revisions"}],"wp:attachment":[{"href":"https:\/\/ambhelsinki.esteri.it\/fi\/wp-json\/wp\/v2\/media?parent=1209"}],"wp:term":[{"taxonomy":"post_tag","embeddable":true,"href":"https:\/\/ambhelsinki.esteri.it\/fi\/wp-json\/wp\/v2\/tags?post=1209"}],"curies":[{"name":"wp","href":"https:\/\/api.w.org\/{rel}","templated":true}]}}