{"id":1226,"date":"2016-05-31T08:32:40","date_gmt":"2016-05-31T05:32:40","guid":{"rendered":"https:\/\/ambhelsinki.esteri.it\/news\/dall_ambasciata\/2016\/05\/invest-your-talent-2\/"},"modified":"2016-05-31T08:32:40","modified_gmt":"2016-05-31T05:32:40","slug":"invest-your-talent-2","status":"publish","type":"post","link":"https:\/\/ambhelsinki.esteri.it\/fi\/news\/dall_ambasciata\/2016\/05\/invest-your-talent-2\/","title":{"rendered":"INVEST YOUR TALENT IN ITALY 2.0-OHJELMA JULKAISTIIN"},"content":{"rendered":"<p>Invest your talent in Italy 2.0-ohjelma tavoitteena on Italian tuotantoj\u00e4rjestelm\u00e4n kilpailukyvyn kasvattaminen \u00a0<BR>ja sen kansainv\u00e4listymisen vahvistaminen. Italian Ulkoasiainiministeri\u00f6n alulle panema ohjelma starttasi 10 vuotta sitten ja nyt siihen saatiin uutta el\u00e4m\u00e4\u00e4 Italian ulkoasiiniministeri\u00f6n, Italian ulkomaankauppatoimiston ja Uni-Italian\u00a0sopimuksella. Tukensa hankelle ovat osoittanett my\u00f6s Italian kauppakamarien unioni ja Ty\u00f6antajien liitto.<BR>Ohjelmalla on oma nettisivusto: <A href=\"http:\/\/www.postgradinitaly.esteri.it\/postgradinitaly\">http:\/\/www.postgradinitaly.esteri.it\/postgradinitaly<\/A>.<BR><\/p>\n","protected":false},"excerpt":{"rendered":"Invest your talent in Italy 2.0-ohjelma tavoitteena on Italian tuotantoj\u00e4rjestelm\u00e4n kilpailukyvyn kasvattaminen \u00a0ja sen kansainv\u00e4listymisen vahvistaminen. Italian Ulkoasiainiministeri\u00f6n alulle panema ohjelma starttasi 10 vuotta sitten ja nyt siihen saatiin uutta el\u00e4m\u00e4\u00e4 Italian ulkoasiiniministeri\u00f6n, Italian ulkomaankauppatoimiston ja Uni-Italian\u00a0sopimuksella. Tukensa hankelle ovat osoittanett my\u00f6s Italian kauppakamarien unioni ja Ty\u00f6antajien liitto.Ohjelmalla on oma nettisivusto: http:\/\/www.postgradinitaly.esteri.it\/postgradinitaly.","protected":false},"author":1,"featured_media":0,"comment_status":"","ping_status":"","sticky":false,"template":"","format":"standard","meta":{"footnotes":""},"tags":[],"class_list":["post-1226","post","type-post","status-publish","format-standard","hentry"],"_links":{"self":[{"href":"https:\/\/ambhelsinki.esteri.it\/fi\/wp-json\/wp\/v2\/posts\/1226","targetHints":{"allow":["GET"]}}],"collection":[{"href":"https:\/\/ambhelsinki.esteri.it\/fi\/wp-json\/wp\/v2\/posts"}],"about":[{"href":"https:\/\/ambhelsinki.esteri.it\/fi\/wp-json\/wp\/v2\/types\/post"}],"author":[{"embeddable":true,"href":"https:\/\/ambhelsinki.esteri.it\/fi\/wp-json\/wp\/v2\/users\/1"}],"replies":[{"embeddable":true,"href":"https:\/\/ambhelsinki.esteri.it\/fi\/wp-json\/wp\/v2\/comments?post=1226"}],"version-history":[{"count":0,"href":"https:\/\/ambhelsinki.esteri.it\/fi\/wp-json\/wp\/v2\/posts\/1226\/revisions"}],"wp:attachment":[{"href":"https:\/\/ambhelsinki.esteri.it\/fi\/wp-json\/wp\/v2\/media?parent=1226"}],"wp:term":[{"taxonomy":"post_tag","embeddable":true,"href":"https:\/\/ambhelsinki.esteri.it\/fi\/wp-json\/wp\/v2\/tags?post=1226"}],"curies":[{"name":"wp","href":"https:\/\/api.w.org\/{rel}","templated":true}]}}