{"id":2728,"date":"2024-11-25T09:36:04","date_gmt":"2024-11-25T07:36:04","guid":{"rendered":"https:\/\/ambhelsinki.esteri.it\/?p=2728"},"modified":"2024-11-26T10:56:40","modified_gmt":"2024-11-26T08:56:40","slug":"italian-ulkoasiain-ja-kansainvalisen-yhteistyon-ministerio-ja-suurlahetystot-osallistuvat-kansainvaliseen-naisiin-kohdistuvan-vakivallan-vastaiseen-paivaan","status":"publish","type":"post","link":"https:\/\/ambhelsinki.esteri.it\/fi\/news\/dall_ambasciata\/2024\/11\/italian-ulkoasiain-ja-kansainvalisen-yhteistyon-ministerio-ja-suurlahetystot-osallistuvat-kansainvaliseen-naisiin-kohdistuvan-vakivallan-vastaiseen-paivaan\/","title":{"rendered":"Italian ulkoasiain- ja kansainv\u00e4lisen yhteisty\u00f6n ministeri\u00f6 ja suurl\u00e4hetyst\u00f6t osallistuvat kansainv\u00e4liseen naisiin kohdistuvan v\u00e4kivallan vastaiseen p\u00e4iv\u00e4\u00e4n"},"content":{"rendered":"<p style=\"text-align: justify;\">Italian ulkoasiain- ja kansainv\u00e4lisen yhteisty\u00f6n ministeri\u00f6 osallistuu t\u00e4n\u00e4kin vuonna kansainv\u00e4lisen naisiin kohdistuvan v\u00e4kivallan vastaisen p\u00e4iv\u00e4n kampanjaan. Kuten Italian varap\u00e4\u00e4ministeri ja ulko- ja kansainv\u00e4lisen yhteisty\u00f6n ministeri Antonio Tajani totesi: \u201dItalian on oltava eturintamassa edist\u00e4m\u00e4ss\u00e4 sukupuolten tasa-arvoa ja naisten emansipaatiota sek\u00e4 erityisesti ehk\u00e4isem\u00e4ss\u00e4 ja torjumassa naisiin kohdistuvaa syrjint\u00e4\u00e4 ja v\u00e4kivaltaa sen kaikissa muodoissa\u201d.<\/p>\n<p style=\"text-align: justify;\">T\u00e4n\u00e4 vuonna teemaa k\u00e4sitell\u00e4\u00e4n G7-maiden ulkoministerikokouksessa Fiuggissa ja Anagnissa. Ministerikokouksen aikana 25. marraskuuta ministerit kunnioittavat v\u00e4kivallan uhreiksi joutuneiden naisten muistoa punaisella penkill\u00e4 ja muistolaatalla Fiuggin kaupunginteatterilla, joka my\u00f6s valaistaan oranssiksi. G7-puheenjohtajamaana Italia on halunnut kiinnitt\u00e4\u00e4 huomiota naisiin ja tytt\u00f6ihin kohdistuvan v\u00e4kivallan ehk\u00e4isemiseen ja torjuntaan erityisesti niiss\u00e4 lukuisissa konfliktitilanteissa, joissa seksuaalista v\u00e4kivaltaa k\u00e4ytet\u00e4\u00e4n my\u00f6s sota-aseena.<\/p>\n<p style=\"text-align: justify;\">Ministeri Tajanin toimeksiannosta Italia ulkoasiain- ja kansainv\u00e4lisen yhteisty\u00f6n ministeri\u00f6 sek\u00e4 suurl\u00e4hetyst\u00f6t osallistuvat my\u00f6s 16 p\u00e4iv\u00e4n mittaiseen YK:n kansainv\u00e4liseen Oranssit p\u00e4iv\u00e4t -kampanjaan. Kampanjan kunniaksi Italian ulkoministeri\u00f6n Farnesina-rakennus valaistaan oranssiksi 25. marraskuuta.<\/p>\n<p style=\"text-align: justify;\">Naisiin kohdistuvan v\u00e4kivallan ehk\u00e4isy ja naisten emansipaation tukeminen on yksi Italian ulkopolitiikan ja kehitysyhteisty\u00f6n toimintapilareista. T\u00e4st\u00e4 ovat osoituksena lukuisat kansainv\u00e4liset kampanjat, kuten naisten sukupuolielinten silpomisen sek\u00e4 varhais- ja pakkoavioliittojen ehk\u00e4isemiseksi toteutetut kampanjat, joissa Italia on aina ollut etulinjassa, sek\u00e4 sitoutumisemme YK:n naisten asemaa k\u00e4sittelev\u00e4\u00e4n toimikuntaan.<\/p>\n<p style=\"text-align: justify;\">My\u00f6s YK:n \u201dNaiset, rauha ja turvallisuus\u201d -p\u00e4\u00e4t\u00f6slauselman puitteissa Italia on erityisell\u00e4 kansallisella toimintasuunnitelmallaan YK:n j\u00e4senvaltioiden edell\u00e4k\u00e4vij\u00e4; Italia edist\u00e4\u00e4 aloitteita, joilla pyrit\u00e4\u00e4n edist\u00e4m\u00e4\u00e4n naisten t\u00e4ysipainoista osallistumista kaikkiin konfliktinesto- ja -ratkaisutoimiin, kuten Italian vuonna 2017 k\u00e4ynnist\u00e4m\u00e4 V\u00e4limeren alueen naisv\u00e4litt\u00e4jien verkosto (Mediterranean Women Mediators Network).<\/p>\n<p style=\"text-align: justify;\">Sukupuolten tasa-arvoa sek\u00e4 naisten ja tytt\u00f6jen oikeuksien vahvistamista koskevien tuoreiden Italian kehitysyhteisty\u00f6n linjausten tavoitteena on tehostaa sitoumustamme entisest\u00e4\u00e4n erityisaloitteilla, jotka ulottuvat naisten, \u00e4itien sek\u00e4 seksuaali- ja lis\u00e4\u00e4ntymisterveydenhuollosta tytt\u00f6jen ja naisten koulutusta edist\u00e4vien ohjelmien tukemiseen.<\/p>\n<p style=\"text-align: justify;\">Ministeri Tajanin pyynn\u00f6st\u00e4 Italian ulkoasiain- ja kansainv\u00e4lisen yhteisty\u00f6n ministeri\u00f6 on omistanut insin\u00f6\u00f6ritutkintonsa kynnyksell\u00e4 naismurhan uhriksi joutuneen Giulia Cecchettinin muistolle \u201dInvest Your Talent in Italy\u201d -stipendiohjelman, joka on nuorille kansainv\u00e4lisille lahjakkuuksille suunnattu. Ohjelmaan sis\u00e4ltyy italialaisissa yliopistoissa suoritettavia tekniikan, talouden tai arkkitehtuurin erikoistumiskursseja ja harjoittelujaksoja italialaisissa yrityksiss\u00e4.<\/p>\n","protected":false},"excerpt":{"rendered":"Italian ulkoasiain- ja kansainv\u00e4lisen yhteisty\u00f6n ministeri\u00f6 osallistuu t\u00e4n\u00e4kin vuonna kansainv\u00e4lisen naisiin kohdistuvan v\u00e4kivallan vastaisen p\u00e4iv\u00e4n kampanjaan. Kuten Italian varap\u00e4\u00e4ministeri ja ulko- ja kansainv\u00e4lisen yhteisty\u00f6n ministeri Antonio Tajani totesi: \u201dItalian on oltava eturintamassa edist\u00e4m\u00e4ss\u00e4 sukupuolten tasa-arvoa ja naisten emansipaatiota sek\u00e4 erityisesti ehk\u00e4isem\u00e4ss\u00e4 ja torjumassa naisiin kohdistuvaa syrjint\u00e4\u00e4 ja v\u00e4kivaltaa sen kaikissa muodoissa\u201d. T\u00e4n\u00e4 vuonna teemaa k\u00e4sitell\u00e4\u00e4n [&hellip;]","protected":false},"author":8,"featured_media":2697,"comment_status":"closed","ping_status":"closed","sticky":false,"template":"","format":"standard","meta":{"footnotes":""},"tags":[],"class_list":["post-2728","post","type-post","status-publish","format-standard","has-post-thumbnail","hentry"],"_links":{"self":[{"href":"https:\/\/ambhelsinki.esteri.it\/fi\/wp-json\/wp\/v2\/posts\/2728","targetHints":{"allow":["GET"]}}],"collection":[{"href":"https:\/\/ambhelsinki.esteri.it\/fi\/wp-json\/wp\/v2\/posts"}],"about":[{"href":"https:\/\/ambhelsinki.esteri.it\/fi\/wp-json\/wp\/v2\/types\/post"}],"author":[{"embeddable":true,"href":"https:\/\/ambhelsinki.esteri.it\/fi\/wp-json\/wp\/v2\/users\/8"}],"replies":[{"embeddable":true,"href":"https:\/\/ambhelsinki.esteri.it\/fi\/wp-json\/wp\/v2\/comments?post=2728"}],"version-history":[{"count":1,"href":"https:\/\/ambhelsinki.esteri.it\/fi\/wp-json\/wp\/v2\/posts\/2728\/revisions"}],"predecessor-version":[{"id":2731,"href":"https:\/\/ambhelsinki.esteri.it\/fi\/wp-json\/wp\/v2\/posts\/2728\/revisions\/2731"}],"wp:featuredmedia":[{"embeddable":true,"href":"https:\/\/ambhelsinki.esteri.it\/fi\/wp-json\/wp\/v2\/media\/2697"}],"wp:attachment":[{"href":"https:\/\/ambhelsinki.esteri.it\/fi\/wp-json\/wp\/v2\/media?parent=2728"}],"wp:term":[{"taxonomy":"post_tag","embeddable":true,"href":"https:\/\/ambhelsinki.esteri.it\/fi\/wp-json\/wp\/v2\/tags?post=2728"}],"curies":[{"name":"wp","href":"https:\/\/api.w.org\/{rel}","templated":true}]}}